{"id":1212,"date":"2021-10-18T10:46:17","date_gmt":"2021-10-18T07:46:17","guid":{"rendered":"https:\/\/noored.elva.ee\/?p=1212"},"modified":"2021-10-18T10:46:35","modified_gmt":"2021-10-18T07:46:35","slug":"toetame-elva-valla-noori-toole-voi-oppima-asumisel","status":"publish","type":"post","link":"https:\/\/noored.elva.ee\/?p=1212","title":{"rendered":"Toetame Elva valla noori t\u00f6\u00f6le v\u00f5i \u00f5ppima asumisel"},"content":{"rendered":"\n<p>Elva vald kutsub 16-29aastaseid Elva valla elanikke, kes ei k\u00e4i t\u00f6\u00f6l ega koolis, osalema projektis \u201eNoortegarantii tugis\u00fcsteem Elva vallas\u201c, mille eesm\u00e4rk on toetada teid oma kutsumuse leidmisel.<\/p>\n\n\n\n<p>Projektiga pakutakse tasuta ps\u00fchholoogilist n\u00f5ustamist, v\u00f5lan\u00f5ustamist, karj\u00e4\u00e4riplaneerimist ja enesearengut toetavaid koolitusi ning B-kategooria juhilubade koolitust. Samuti pakutakse t\u00f6\u00f6praktika v\u00f5imalust noorele sobiva t\u00f6\u00f6andja juures, koos stipendiumi ja s\u00f5idutoetusega. Kui \u00fckski eelnimetatud v\u00f5imalustest ei tundu olevat teie jaoks, siis v\u00f5ib mistahes k\u00fcsimustega p\u00f6\u00f6rduda juhtumikorraldaja Kristi Liiva poole (kontaktid all), kes juhendab noort ise v\u00f5i aitab leida sobiva teenuse.<\/p>\n\n\n\n<p>\u201eKogemused on n\u00e4idanud, et iga inimese jaoks on siin maailmas olemas just talle sobiv t\u00f6\u00f6 ja elukorraldus. Tihti takerdub noore elu aga hirmude, ebapiisava sotsiaalse toetuse ja puudulike oskuste taha. Seet\u00f5ttu loodan v\u00e4ga, et Elva valla noored n\u00e4evad selles projektis v\u00f5imalust hakata liikuma oma unistuste suunas, olgu need kuitahes v\u00e4ikesed v\u00f5i suured,\u201c julgustab varem asenduskodus ja kriminaalhoolduses noori juhendanud Kristi Liiv k\u00f5iki projektis osalema.<\/p>\n\n\n\n<p>Osalemiseks peab olema 16-29aastane, omama sissekirjutust Elva vallas, ametlikult mitte t\u00f6\u00f6tama ja mitte \u00f5ppima taseme\u00f5ppes.<\/p>\n\n\n\n<p>Kui te ise, teie s\u00f5ber, tuttav v\u00f5i pereliige v\u00f5ib vajada tuge oma elus edasi liikumisel, siis andke sellest kindlasti m\u00e4rku e-aadressil kristi. liiv@elva.ee v\u00f5i telefonil 5358 4565.<\/p>\n\n\n\n<p>Projekti \u201eNoortegarantii tugis\u00fcsteem Elva vallas\u201c rahastab Riigi tugiteenuste keskuse kaudu Euroopa sotsiaalfond. Projekt l\u00f5ppeb 31.08.2023.<\/p>\n\n\n\n<figure class=\"wp-block-image size-large\"><img loading=\"lazy\" decoding=\"async\" width=\"724\" height=\"1024\" src=\"https:\/\/noored.elva.ee\/wp-content\/uploads\/2021\/10\/poster-724x1024.jpg\" alt=\"\" class=\"wp-image-1213\" srcset=\"https:\/\/noored.elva.ee\/wp-content\/uploads\/2021\/10\/poster-724x1024.jpg 724w, https:\/\/noored.elva.ee\/wp-content\/uploads\/2021\/10\/poster-212x300.jpg 212w, https:\/\/noored.elva.ee\/wp-content\/uploads\/2021\/10\/poster-768x1087.jpg 768w, https:\/\/noored.elva.ee\/wp-content\/uploads\/2021\/10\/poster-1086x1536.jpg 1086w, https:\/\/noored.elva.ee\/wp-content\/uploads\/2021\/10\/poster-1448x2048.jpg 1448w, https:\/\/noored.elva.ee\/wp-content\/uploads\/2021\/10\/poster-676x956.jpg 676w, https:\/\/noored.elva.ee\/wp-content\/uploads\/2021\/10\/poster-scaled.jpg 1810w\" sizes=\"auto, (max-width: 724px) 100vw, 724px\" \/><\/figure>\n\n\n\n<figure class=\"wp-block-image size-large\"><img loading=\"lazy\" decoding=\"async\" width=\"1024\" height=\"541\" src=\"https:\/\/noored.elva.ee\/wp-content\/uploads\/2021\/10\/el_sotsiaalfond_horisontaalne-1024x541.jpg\" alt=\"\" class=\"wp-image-1214\" srcset=\"https:\/\/noored.elva.ee\/wp-content\/uploads\/2021\/10\/el_sotsiaalfond_horisontaalne-1024x541.jpg 1024w, https:\/\/noored.elva.ee\/wp-content\/uploads\/2021\/10\/el_sotsiaalfond_horisontaalne-300x158.jpg 300w, https:\/\/noored.elva.ee\/wp-content\/uploads\/2021\/10\/el_sotsiaalfond_horisontaalne-768x406.jpg 768w, https:\/\/noored.elva.ee\/wp-content\/uploads\/2021\/10\/el_sotsiaalfond_horisontaalne-1536x811.jpg 1536w, https:\/\/noored.elva.ee\/wp-content\/uploads\/2021\/10\/el_sotsiaalfond_horisontaalne-2048x1082.jpg 2048w, https:\/\/noored.elva.ee\/wp-content\/uploads\/2021\/10\/el_sotsiaalfond_horisontaalne-676x357.jpg 676w\" sizes=\"auto, (max-width: 1024px) 100vw, 1024px\" \/><\/figure>\n","protected":false},"excerpt":{"rendered":"<p>Elva vald kutsub 16-29aastaseid Elva valla elanikke, kes ei k\u00e4i t\u00f6\u00f6l ega koolis, osalema projektis \u201eNoortegarantii tugis\u00fcsteem Elva vallas\u201c, mille eesm\u00e4rk on toetada teid oma kutsumuse leidmisel. Projektiga pakutakse tasuta ps\u00fchholoogilist n\u00f5ustamist, v\u00f5lan\u00f5ustamist, karj\u00e4\u00e4riplaneerimist ja enesearengut toetavaid koolitusi ning B-kategooria juhilubade koolitust. Samuti pakutakse t\u00f6\u00f6praktika v\u00f5imalust noorele sobiva t\u00f6\u00f6andja juures, koos stipendiumi ja s\u00f5idutoetusega. Kui [&hellip;]<\/p>\n","protected":false},"author":2,"featured_media":0,"comment_status":"open","ping_status":"open","sticky":false,"template":"","format":"standard","meta":{"footnotes":""},"categories":[1],"tags":[],"class_list":["post-1212","post","type-post","status-publish","format-standard","hentry","category-uncategorized","post-preview"],"_links":{"self":[{"href":"https:\/\/noored.elva.ee\/index.php?rest_route=\/wp\/v2\/posts\/1212","targetHints":{"allow":["GET"]}}],"collection":[{"href":"https:\/\/noored.elva.ee\/index.php?rest_route=\/wp\/v2\/posts"}],"about":[{"href":"https:\/\/noored.elva.ee\/index.php?rest_route=\/wp\/v2\/types\/post"}],"author":[{"embeddable":true,"href":"https:\/\/noored.elva.ee\/index.php?rest_route=\/wp\/v2\/users\/2"}],"replies":[{"embeddable":true,"href":"https:\/\/noored.elva.ee\/index.php?rest_route=%2Fwp%2Fv2%2Fcomments&post=1212"}],"version-history":[{"count":3,"href":"https:\/\/noored.elva.ee\/index.php?rest_route=\/wp\/v2\/posts\/1212\/revisions"}],"predecessor-version":[{"id":1218,"href":"https:\/\/noored.elva.ee\/index.php?rest_route=\/wp\/v2\/posts\/1212\/revisions\/1218"}],"wp:attachment":[{"href":"https:\/\/noored.elva.ee\/index.php?rest_route=%2Fwp%2Fv2%2Fmedia&parent=1212"}],"wp:term":[{"taxonomy":"category","embeddable":true,"href":"https:\/\/noored.elva.ee\/index.php?rest_route=%2Fwp%2Fv2%2Fcategories&post=1212"},{"taxonomy":"post_tag","embeddable":true,"href":"https:\/\/noored.elva.ee\/index.php?rest_route=%2Fwp%2Fv2%2Ftags&post=1212"}],"curies":[{"name":"wp","href":"https:\/\/api.w.org\/{rel}","templated":true}]}}