{"id":1380,"date":"2022-04-28T15:45:09","date_gmt":"2022-04-28T12:45:09","guid":{"rendered":"https:\/\/noored.elva.ee\/?p=1380"},"modified":"2022-04-28T15:45:10","modified_gmt":"2022-04-28T12:45:10","slug":"elva-valla-noortekonverents-kriis","status":"publish","type":"post","link":"https:\/\/noored.elva.ee\/?p=1380","title":{"rendered":"Elva valla noortekonverents #Kriis"},"content":{"rendered":"\n<p>12. mail toimub R\u00f5ngu rahvamajas Elva valla noortekonverents \u201e#Kriis\u201c, mis v\u00f5tab luubi alla \u00fchiskonna \u00fche p\u00f5letavama teema \u2013 kiusamise, t\u00e4psemalt kooli \u2013 ja k\u00fcberkiusamise. R\u00e4\u00e4gime konverentsil sellest, miks tekib kiusamine, kuidas tunda \u00e4ra kiusamist ning kuidas k\u00e4ituda kui sind v\u00f5i kedagi teist kiusatakse. Samuti j\u00f5uame selgusele mida tunneb kiusaja ning ka kiusatav sisemiselt.<\/p>\n\n\n\n<p>Osalemiseks vajalik eelnev registreerimine!<\/p>\n\n\n\n<p>Lisainfo ja registreerimine <a href=\"https:\/\/noortekonverents.elva.ee\/\">siin <\/a><\/p>\n\n\n\n<p><\/p>\n\n\n\n<p>Projektijuht:<\/p>\n\n\n\n<p>Andero Ojamets <a href=\"https:\/\/noortekonverents.elva.ee\/kontakt\/\">(kontaktid)<\/a><\/p>\n\n\n\n<p><\/p>\n","protected":false},"excerpt":{"rendered":"<p>12. mail toimub R\u00f5ngu rahvamajas Elva valla noortekonverents \u201e#Kriis\u201c, mis v\u00f5tab luubi alla \u00fchiskonna \u00fche p\u00f5letavama teema \u2013 kiusamise, t\u00e4psemalt kooli \u2013 ja k\u00fcberkiusamise. R\u00e4\u00e4gime konverentsil sellest, miks tekib kiusamine, kuidas tunda \u00e4ra kiusamist ning kuidas k\u00e4ituda kui sind v\u00f5i kedagi teist kiusatakse. Samuti j\u00f5uame selgusele mida tunneb kiusaja ning ka kiusatav sisemiselt. Osalemiseks vajalik [&hellip;]<\/p>\n","protected":false},"author":8,"featured_media":0,"comment_status":"open","ping_status":"open","sticky":false,"template":"","format":"standard","meta":{"footnotes":""},"categories":[1],"tags":[],"class_list":["post-1380","post","type-post","status-publish","format-standard","hentry","category-uncategorized","post-preview"],"_links":{"self":[{"href":"https:\/\/noored.elva.ee\/index.php?rest_route=\/wp\/v2\/posts\/1380","targetHints":{"allow":["GET"]}}],"collection":[{"href":"https:\/\/noored.elva.ee\/index.php?rest_route=\/wp\/v2\/posts"}],"about":[{"href":"https:\/\/noored.elva.ee\/index.php?rest_route=\/wp\/v2\/types\/post"}],"author":[{"embeddable":true,"href":"https:\/\/noored.elva.ee\/index.php?rest_route=\/wp\/v2\/users\/8"}],"replies":[{"embeddable":true,"href":"https:\/\/noored.elva.ee\/index.php?rest_route=%2Fwp%2Fv2%2Fcomments&post=1380"}],"version-history":[{"count":1,"href":"https:\/\/noored.elva.ee\/index.php?rest_route=\/wp\/v2\/posts\/1380\/revisions"}],"predecessor-version":[{"id":1381,"href":"https:\/\/noored.elva.ee\/index.php?rest_route=\/wp\/v2\/posts\/1380\/revisions\/1381"}],"wp:attachment":[{"href":"https:\/\/noored.elva.ee\/index.php?rest_route=%2Fwp%2Fv2%2Fmedia&parent=1380"}],"wp:term":[{"taxonomy":"category","embeddable":true,"href":"https:\/\/noored.elva.ee\/index.php?rest_route=%2Fwp%2Fv2%2Fcategories&post=1380"},{"taxonomy":"post_tag","embeddable":true,"href":"https:\/\/noored.elva.ee\/index.php?rest_route=%2Fwp%2Fv2%2Ftags&post=1380"}],"curies":[{"name":"wp","href":"https:\/\/api.w.org\/{rel}","templated":true}]}}