{"id":1396,"date":"2022-08-09T08:34:49","date_gmt":"2022-08-09T05:34:49","guid":{"rendered":"https:\/\/noored.elva.ee\/?p=1396"},"modified":"2022-08-09T08:34:50","modified_gmt":"2022-08-09T05:34:50","slug":"elva-malevlased-tartumaa-malevate-kokkutulekul","status":"publish","type":"post","link":"https:\/\/noored.elva.ee\/?p=1396","title":{"rendered":"Elva malevlased Tartumaa malevate kokkutulekul"},"content":{"rendered":"\n<p><\/p>\n\n\n\n<p><\/p>\n\n\n\n<figure class=\"wp-block-image size-large\"><img loading=\"lazy\" decoding=\"async\" width=\"1024\" height=\"768\" src=\"https:\/\/noored.elva.ee\/wp-content\/uploads\/2022\/08\/maleva-kokkutulek-Elva-grupipilt-1-1024x768.jpg\" alt=\"\" class=\"wp-image-1398\" srcset=\"https:\/\/noored.elva.ee\/wp-content\/uploads\/2022\/08\/maleva-kokkutulek-Elva-grupipilt-1-1024x768.jpg 1024w, https:\/\/noored.elva.ee\/wp-content\/uploads\/2022\/08\/maleva-kokkutulek-Elva-grupipilt-1-300x225.jpg 300w, https:\/\/noored.elva.ee\/wp-content\/uploads\/2022\/08\/maleva-kokkutulek-Elva-grupipilt-1-768x576.jpg 768w, https:\/\/noored.elva.ee\/wp-content\/uploads\/2022\/08\/maleva-kokkutulek-Elva-grupipilt-1-1536x1152.jpg 1536w, https:\/\/noored.elva.ee\/wp-content\/uploads\/2022\/08\/maleva-kokkutulek-Elva-grupipilt-1-676x507.jpg 676w, https:\/\/noored.elva.ee\/wp-content\/uploads\/2022\/08\/maleva-kokkutulek-Elva-grupipilt-1.jpg 2000w\" sizes=\"auto, (max-width: 1024px) 100vw, 1024px\" \/><\/figure>\n\n\n\n<p>5.- 6. augustil toimus Valgemetsas Tartumaa noorte t\u00f6\u00f6malevate kokkutulek. Elva valda esindasid Elva linna malevar\u00fchma noored. Kokkutulekul osales 12 r\u00fchma Tartumaalt, sealhulgas Tartu linnast. M\u00f5\u00f5tu v\u00f5eti erinevatel v\u00f5istlustel, nt v\u00f5rkpall, k\u00f6ievedu, teatev\u00f5istlus, maleva laul jne.\u00a0Elva malevlased said l\u00f5pparvestuses viienda koha, noorte maleva laul sai teise koha ning \u00fclej\u00e4\u00e4nud aladel olid samuti v\u00e4ga tublid tulemused.\u00a0<\/p>\n","protected":false},"excerpt":{"rendered":"<p>5.- 6. augustil toimus Valgemetsas Tartumaa noorte t\u00f6\u00f6malevate kokkutulek. Elva valda esindasid Elva linna malevar\u00fchma noored. Kokkutulekul osales 12 r\u00fchma Tartumaalt, sealhulgas Tartu linnast. M\u00f5\u00f5tu v\u00f5eti erinevatel v\u00f5istlustel, nt v\u00f5rkpall, k\u00f6ievedu, teatev\u00f5istlus, maleva laul jne.\u00a0Elva malevlased said l\u00f5pparvestuses viienda koha, noorte maleva laul sai teise koha ning \u00fclej\u00e4\u00e4nud aladel olid samuti v\u00e4ga tublid tulemused.\u00a0<\/p>\n","protected":false},"author":8,"featured_media":0,"comment_status":"open","ping_status":"open","sticky":false,"template":"","format":"standard","meta":{"footnotes":""},"categories":[1],"tags":[],"class_list":["post-1396","post","type-post","status-publish","format-standard","hentry","category-uncategorized","post-preview"],"_links":{"self":[{"href":"https:\/\/noored.elva.ee\/index.php?rest_route=\/wp\/v2\/posts\/1396","targetHints":{"allow":["GET"]}}],"collection":[{"href":"https:\/\/noored.elva.ee\/index.php?rest_route=\/wp\/v2\/posts"}],"about":[{"href":"https:\/\/noored.elva.ee\/index.php?rest_route=\/wp\/v2\/types\/post"}],"author":[{"embeddable":true,"href":"https:\/\/noored.elva.ee\/index.php?rest_route=\/wp\/v2\/users\/8"}],"replies":[{"embeddable":true,"href":"https:\/\/noored.elva.ee\/index.php?rest_route=%2Fwp%2Fv2%2Fcomments&post=1396"}],"version-history":[{"count":1,"href":"https:\/\/noored.elva.ee\/index.php?rest_route=\/wp\/v2\/posts\/1396\/revisions"}],"predecessor-version":[{"id":1399,"href":"https:\/\/noored.elva.ee\/index.php?rest_route=\/wp\/v2\/posts\/1396\/revisions\/1399"}],"wp:attachment":[{"href":"https:\/\/noored.elva.ee\/index.php?rest_route=%2Fwp%2Fv2%2Fmedia&parent=1396"}],"wp:term":[{"taxonomy":"category","embeddable":true,"href":"https:\/\/noored.elva.ee\/index.php?rest_route=%2Fwp%2Fv2%2Fcategories&post=1396"},{"taxonomy":"post_tag","embeddable":true,"href":"https:\/\/noored.elva.ee\/index.php?rest_route=%2Fwp%2Fv2%2Ftags&post=1396"}],"curies":[{"name":"wp","href":"https:\/\/api.w.org\/{rel}","templated":true}]}}