{"id":711,"date":"2020-11-02T16:00:35","date_gmt":"2020-11-02T14:00:35","guid":{"rendered":"https:\/\/noored.elva.ee\/?p=711"},"modified":"2020-11-02T16:00:36","modified_gmt":"2020-11-02T14:00:36","slug":"video-koolitus-tasuta","status":"publish","type":"post","link":"https:\/\/noored.elva.ee\/?p=711","title":{"rendered":"Video koolitus TASUTA!"},"content":{"rendered":"\n<p>K\u00f5ik video f\u00e4nnid! N\u00fc\u00fcd saate tasuta osa v\u00f5tta \u00f5pitoast, kus Ken J\u00e4rveoja tuleb meile \u00f5petama, kuidas teha profi tasemel muusikaga video!<br>Rega ennast juba t\u00e4na FB Grete Kald ja FB Elva Noorte Tugila<\/p>\n\n\n\n<p>Projektifondi &#8220;Nopi \u00dcles\u201c tegevuste elluviimist rahastatakse haridus- ja teadusministri kinnitatud ning Haridus- ja Noorteameti poolt elluviidava ESF kaasrahastatud programmi \u201eT\u00f5rjutusriskis noorte kaasamine ja noorte t\u00f6\u00f6h\u00f5ivevalmiduse parandamine\u201c kirjeldatud tegevuste raames.<br>Lisainfo programmi tutvustavalt kodulehelt www.ank.ee<\/p>\n\n\n\n<figure class=\"wp-block-image size-large\"><img loading=\"lazy\" decoding=\"async\" width=\"706\" height=\"1024\" src=\"https:\/\/noored.elva.ee\/wp-content\/uploads\/2020\/11\/9934E1A4-F98E-4B0B-A958-1A91DA50F9BD-706x1024.jpeg\" alt=\"\" class=\"wp-image-712\" srcset=\"https:\/\/noored.elva.ee\/wp-content\/uploads\/2020\/11\/9934E1A4-F98E-4B0B-A958-1A91DA50F9BD-706x1024.jpeg 706w, https:\/\/noored.elva.ee\/wp-content\/uploads\/2020\/11\/9934E1A4-F98E-4B0B-A958-1A91DA50F9BD-207x300.jpeg 207w, https:\/\/noored.elva.ee\/wp-content\/uploads\/2020\/11\/9934E1A4-F98E-4B0B-A958-1A91DA50F9BD-676x981.jpeg 676w, https:\/\/noored.elva.ee\/wp-content\/uploads\/2020\/11\/9934E1A4-F98E-4B0B-A958-1A91DA50F9BD.jpeg 750w\" sizes=\"auto, (max-width: 706px) 100vw, 706px\" \/><\/figure>\n","protected":false},"excerpt":{"rendered":"<p>K\u00f5ik video f\u00e4nnid! N\u00fc\u00fcd saate tasuta osa v\u00f5tta \u00f5pitoast, kus Ken J\u00e4rveoja tuleb meile \u00f5petama, kuidas teha profi tasemel muusikaga video!Rega ennast juba t\u00e4na FB Grete Kald ja FB Elva Noorte Tugila Projektifondi &#8220;Nopi \u00dcles\u201c tegevuste elluviimist rahastatakse haridus- ja teadusministri kinnitatud ning Haridus- ja Noorteameti poolt elluviidava ESF kaasrahastatud programmi \u201eT\u00f5rjutusriskis noorte kaasamine ja [&hellip;]<\/p>\n","protected":false},"author":1,"featured_media":0,"comment_status":"open","ping_status":"open","sticky":false,"template":"","format":"standard","meta":{"footnotes":""},"categories":[1],"tags":[],"class_list":["post-711","post","type-post","status-publish","format-standard","hentry","category-uncategorized","post-preview"],"_links":{"self":[{"href":"https:\/\/noored.elva.ee\/index.php?rest_route=\/wp\/v2\/posts\/711","targetHints":{"allow":["GET"]}}],"collection":[{"href":"https:\/\/noored.elva.ee\/index.php?rest_route=\/wp\/v2\/posts"}],"about":[{"href":"https:\/\/noored.elva.ee\/index.php?rest_route=\/wp\/v2\/types\/post"}],"author":[{"embeddable":true,"href":"https:\/\/noored.elva.ee\/index.php?rest_route=\/wp\/v2\/users\/1"}],"replies":[{"embeddable":true,"href":"https:\/\/noored.elva.ee\/index.php?rest_route=%2Fwp%2Fv2%2Fcomments&post=711"}],"version-history":[{"count":1,"href":"https:\/\/noored.elva.ee\/index.php?rest_route=\/wp\/v2\/posts\/711\/revisions"}],"predecessor-version":[{"id":713,"href":"https:\/\/noored.elva.ee\/index.php?rest_route=\/wp\/v2\/posts\/711\/revisions\/713"}],"wp:attachment":[{"href":"https:\/\/noored.elva.ee\/index.php?rest_route=%2Fwp%2Fv2%2Fmedia&parent=711"}],"wp:term":[{"taxonomy":"category","embeddable":true,"href":"https:\/\/noored.elva.ee\/index.php?rest_route=%2Fwp%2Fv2%2Fcategories&post=711"},{"taxonomy":"post_tag","embeddable":true,"href":"https:\/\/noored.elva.ee\/index.php?rest_route=%2Fwp%2Fv2%2Ftags&post=711"}],"curies":[{"name":"wp","href":"https:\/\/api.w.org\/{rel}","templated":true}]}}