{"id":863,"date":"2021-02-24T12:12:16","date_gmt":"2021-02-24T10:12:16","guid":{"rendered":"https:\/\/noored.elva.ee\/?p=863"},"modified":"2021-02-24T12:12:18","modified_gmt":"2021-02-24T10:12:18","slug":"tee-elva-vallale-kingitus-vabariigi-aastapaevaks","status":"publish","type":"post","link":"https:\/\/noored.elva.ee\/?p=863","title":{"rendered":"Tee Elva vallale kingitus Vabariigi aastap\u00e4evaks"},"content":{"rendered":"\n<p>24. veebruaril m\u00f6\u00f6dub Eesti Vabariigi v\u00e4lja kuulutamisest 103 aastat. Selle puhul on Elva vald koost\u00f6\u00f6s Elva Spordiga k\u00e4ima l\u00fckanud vahva m\u00e4ngu. <\/p>\n\n\n\n<p>Nimelt on Elva Euroopa Spordilinn. Sellega seoses kogub Elva vald aasta l\u00f5puks MILJON aktiivset kilomeetrit. Vabariigi aastap\u00e4eva puhul kutsume \u00fcles k\u00f5iki j\u00e4tma Strava \u00e4ppi m\u00f5ne s\u00f5numi v\u00f5i kujundi.  Oma s\u00f5numi v\u00f5i kujundi salvestamiseks ei pea tegema muud, kui tuleb m\u00f5elda l\u00e4bi oma liikumistrajektoor, salvestada oma liikumine Strava \u00e4piga ning p\u00e4rast liikumise l\u00f5petamist n\u00e4ete \u00e4pis oleval kaardil oma liikumise trajektoori. <\/p>\n\n\n\n<p>K\u00f5ikide nende inimeste kaartidest, kes liiguvad Eesti Vabariigi s\u00fcnnip\u00e4evan\u00e4dalal ja j\u00e4tavad oma liikumisega maha m\u00f5ne s\u00f5numi v\u00f5i toreda kujundi, tehakse Elva valla Facebooki lehel h\u00e4\u00e4letus ning oma lemmikutele saavad h\u00e4\u00e4le anda k\u00f5ik inimesed. Rahvah\u00e4\u00e4letuse tulemusel selgubki Elva miljoni pusa v\u00f5itja. <\/p>\n\n\n\n<p>J\u00e4lgitakse kindlasti ilmastikutingimusi ning pikendatakse vajadusel \u00fcleskutse aega. <\/p>\n\n\n\n<p>NB! Oluline on, et sinu liikumise algus v\u00f5i l\u00f5pp (v\u00f5i kogu liikumine) oleks Elva vallas!<\/p>\n\n\n\n<p>Kui palju kilomeetreid juba kogutud on? Seda saad vaadata Elva miljoni kodulehelt, kust leiad muu seas ka vajalikud juhendid: <a href=\"http:\/\/elvamiljon.ee\" data-type=\"URL\" data-id=\"elvamiljon.ee\" target=\"_blank\" rel=\"noreferrer noopener\">www.elvamiljon.ee<\/a> <\/p>\n\n\n\n<p>J\u00e4lgi kindlasti ka <a href=\"http:\/\/elvamiljon.ee\" data-type=\"URL\" data-id=\"elvamiljon.ee\">Elva miljon<\/a>i lehek\u00fclge!<\/p>\n","protected":false},"excerpt":{"rendered":"<p>24. veebruaril m\u00f6\u00f6dub Eesti Vabariigi v\u00e4lja kuulutamisest 103 aastat. Selle puhul on Elva vald koost\u00f6\u00f6s Elva Spordiga k\u00e4ima l\u00fckanud vahva m\u00e4ngu. Nimelt on Elva Euroopa Spordilinn. Sellega seoses kogub Elva vald aasta l\u00f5puks MILJON aktiivset kilomeetrit. Vabariigi aastap\u00e4eva puhul kutsume \u00fcles k\u00f5iki j\u00e4tma Strava \u00e4ppi m\u00f5ne s\u00f5numi v\u00f5i kujundi. Oma s\u00f5numi v\u00f5i kujundi salvestamiseks ei [&hellip;]<\/p>\n","protected":false},"author":4,"featured_media":0,"comment_status":"open","ping_status":"open","sticky":false,"template":"","format":"standard","meta":{"footnotes":""},"categories":[1],"tags":[],"class_list":["post-863","post","type-post","status-publish","format-standard","hentry","category-uncategorized","post-preview"],"_links":{"self":[{"href":"https:\/\/noored.elva.ee\/index.php?rest_route=\/wp\/v2\/posts\/863","targetHints":{"allow":["GET"]}}],"collection":[{"href":"https:\/\/noored.elva.ee\/index.php?rest_route=\/wp\/v2\/posts"}],"about":[{"href":"https:\/\/noored.elva.ee\/index.php?rest_route=\/wp\/v2\/types\/post"}],"author":[{"embeddable":true,"href":"https:\/\/noored.elva.ee\/index.php?rest_route=\/wp\/v2\/users\/4"}],"replies":[{"embeddable":true,"href":"https:\/\/noored.elva.ee\/index.php?rest_route=%2Fwp%2Fv2%2Fcomments&post=863"}],"version-history":[{"count":1,"href":"https:\/\/noored.elva.ee\/index.php?rest_route=\/wp\/v2\/posts\/863\/revisions"}],"predecessor-version":[{"id":864,"href":"https:\/\/noored.elva.ee\/index.php?rest_route=\/wp\/v2\/posts\/863\/revisions\/864"}],"wp:attachment":[{"href":"https:\/\/noored.elva.ee\/index.php?rest_route=%2Fwp%2Fv2%2Fmedia&parent=863"}],"wp:term":[{"taxonomy":"category","embeddable":true,"href":"https:\/\/noored.elva.ee\/index.php?rest_route=%2Fwp%2Fv2%2Fcategories&post=863"},{"taxonomy":"post_tag","embeddable":true,"href":"https:\/\/noored.elva.ee\/index.php?rest_route=%2Fwp%2Fv2%2Ftags&post=863"}],"curies":[{"name":"wp","href":"https:\/\/api.w.org\/{rel}","templated":true}]}}