{"id":901,"date":"2021-05-04T15:56:33","date_gmt":"2021-05-04T12:56:33","guid":{"rendered":"https:\/\/noored.elva.ee\/?p=901"},"modified":"2021-06-08T11:20:27","modified_gmt":"2021-06-08T08:20:27","slug":"elva-malevasuvi","status":"publish","type":"post","link":"https:\/\/noored.elva.ee\/?p=901","title":{"rendered":"Elva valla malevasuvi 2021"},"content":{"rendered":"\n<p>Sellel suvel on toimumas Elva Valla Noortemalev, kus on kokku 4 r\u00fchma:<\/p>\n\n\n\n<p>Hellenurme-R\u00f5ngu: 2.-8. august (ilma \u00f6\u00f6bimiseta)<\/p>\n\n\n\n<p>Rannu: 4.-10. juuli (\u00f6\u00f6bimisega)<span style=\"color:#a31b00\" class=\"has-inline-color\"> <\/span><span class=\"has-inline-color has-dark-gray-color\"> Registreerimine l\u00f5ppenud.<\/span><\/p>\n\n\n\n<p>Elva: 18.-24. juuli (\u00f6\u00f6bimisega) Registreerimine l\u00f5ppenud.<\/p>\n\n\n\n<p>Puhja: 2.-6. august (ilma \u00f6\u00f6bimiseta) Registreerimine l\u00f5ppenud.<\/p>\n\n\n\n<p><\/p>\n\n\n\n<p>Mis malevates on toimunud, saad lugeda n\u00e4iteks <a href=\"https:\/\/huvikeskus.elva.ee\/noortekeskus\/elva-valla-toomalev\/\">SIIT<\/a>.<\/p>\n\n\n\n<figure class=\"wp-block-image size-large\"><img loading=\"lazy\" decoding=\"async\" width=\"724\" height=\"1024\" src=\"https:\/\/noored.elva.ee\/wp-content\/uploads\/2021\/05\/ELVA-NOORTEMALEV-1-1-724x1024.jpg\" alt=\"\" class=\"wp-image-902\" srcset=\"https:\/\/noored.elva.ee\/wp-content\/uploads\/2021\/05\/ELVA-NOORTEMALEV-1-1-724x1024.jpg 724w, https:\/\/noored.elva.ee\/wp-content\/uploads\/2021\/05\/ELVA-NOORTEMALEV-1-1-212x300.jpg 212w, https:\/\/noored.elva.ee\/wp-content\/uploads\/2021\/05\/ELVA-NOORTEMALEV-1-1-768x1086.jpg 768w, https:\/\/noored.elva.ee\/wp-content\/uploads\/2021\/05\/ELVA-NOORTEMALEV-1-1-1086x1536.jpg 1086w, https:\/\/noored.elva.ee\/wp-content\/uploads\/2021\/05\/ELVA-NOORTEMALEV-1-1-1448x2048.jpg 1448w, https:\/\/noored.elva.ee\/wp-content\/uploads\/2021\/05\/ELVA-NOORTEMALEV-1-1-676x956.jpg 676w, https:\/\/noored.elva.ee\/wp-content\/uploads\/2021\/05\/ELVA-NOORTEMALEV-1-1.jpg 1587w\" sizes=\"auto, (max-width: 724px) 100vw, 724px\" \/><\/figure>\n\n\n\n<figure class=\"wp-block-image size-large\"><img loading=\"lazy\" decoding=\"async\" width=\"724\" height=\"1024\" src=\"https:\/\/noored.elva.ee\/wp-content\/uploads\/2021\/05\/Malev-1-724x1024.png\" alt=\"\" class=\"wp-image-915\" srcset=\"https:\/\/noored.elva.ee\/wp-content\/uploads\/2021\/05\/Malev-1-724x1024.png 724w, https:\/\/noored.elva.ee\/wp-content\/uploads\/2021\/05\/Malev-1-212x300.png 212w, https:\/\/noored.elva.ee\/wp-content\/uploads\/2021\/05\/Malev-1-768x1086.png 768w, https:\/\/noored.elva.ee\/wp-content\/uploads\/2021\/05\/Malev-1-1086x1536.png 1086w, https:\/\/noored.elva.ee\/wp-content\/uploads\/2021\/05\/Malev-1-1448x2048.png 1448w, https:\/\/noored.elva.ee\/wp-content\/uploads\/2021\/05\/Malev-1-676x956.png 676w, https:\/\/noored.elva.ee\/wp-content\/uploads\/2021\/05\/Malev-1.png 1587w\" sizes=\"auto, (max-width: 724px) 100vw, 724px\" \/><\/figure>\n\n\n\n<figure class=\"wp-block-image size-large\"><img loading=\"lazy\" decoding=\"async\" width=\"804\" height=\"1024\" src=\"https:\/\/noored.elva.ee\/wp-content\/uploads\/2021\/05\/puhja-804x1024.jpg\" alt=\"\" class=\"wp-image-921\" srcset=\"https:\/\/noored.elva.ee\/wp-content\/uploads\/2021\/05\/puhja-804x1024.jpg 804w, https:\/\/noored.elva.ee\/wp-content\/uploads\/2021\/05\/puhja-235x300.jpg 235w, https:\/\/noored.elva.ee\/wp-content\/uploads\/2021\/05\/puhja-768x979.jpg 768w, https:\/\/noored.elva.ee\/wp-content\/uploads\/2021\/05\/puhja-1205x1536.jpg 1205w, https:\/\/noored.elva.ee\/wp-content\/uploads\/2021\/05\/puhja-676x861.jpg 676w, https:\/\/noored.elva.ee\/wp-content\/uploads\/2021\/05\/puhja.jpg 1429w\" sizes=\"auto, (max-width: 804px) 100vw, 804px\" \/><\/figure>\n","protected":false},"excerpt":{"rendered":"<p>Sellel suvel on toimumas Elva Valla Noortemalev, kus on kokku 4 r\u00fchma: Hellenurme-R\u00f5ngu: 2.-8. august (ilma \u00f6\u00f6bimiseta) Rannu: 4.-10. juuli (\u00f6\u00f6bimisega) Registreerimine l\u00f5ppenud. Elva: 18.-24. juuli (\u00f6\u00f6bimisega) Registreerimine l\u00f5ppenud. Puhja: 2.-6. august (ilma \u00f6\u00f6bimiseta) Registreerimine l\u00f5ppenud. Mis malevates on toimunud, saad lugeda n\u00e4iteks SIIT.<\/p>\n","protected":false},"author":2,"featured_media":0,"comment_status":"open","ping_status":"open","sticky":false,"template":"","format":"standard","meta":{"footnotes":""},"categories":[1],"tags":[],"class_list":["post-901","post","type-post","status-publish","format-standard","hentry","category-uncategorized","post-preview"],"_links":{"self":[{"href":"https:\/\/noored.elva.ee\/index.php?rest_route=\/wp\/v2\/posts\/901","targetHints":{"allow":["GET"]}}],"collection":[{"href":"https:\/\/noored.elva.ee\/index.php?rest_route=\/wp\/v2\/posts"}],"about":[{"href":"https:\/\/noored.elva.ee\/index.php?rest_route=\/wp\/v2\/types\/post"}],"author":[{"embeddable":true,"href":"https:\/\/noored.elva.ee\/index.php?rest_route=\/wp\/v2\/users\/2"}],"replies":[{"embeddable":true,"href":"https:\/\/noored.elva.ee\/index.php?rest_route=%2Fwp%2Fv2%2Fcomments&post=901"}],"version-history":[{"count":13,"href":"https:\/\/noored.elva.ee\/index.php?rest_route=\/wp\/v2\/posts\/901\/revisions"}],"predecessor-version":[{"id":942,"href":"https:\/\/noored.elva.ee\/index.php?rest_route=\/wp\/v2\/posts\/901\/revisions\/942"}],"wp:attachment":[{"href":"https:\/\/noored.elva.ee\/index.php?rest_route=%2Fwp%2Fv2%2Fmedia&parent=901"}],"wp:term":[{"taxonomy":"category","embeddable":true,"href":"https:\/\/noored.elva.ee\/index.php?rest_route=%2Fwp%2Fv2%2Fcategories&post=901"},{"taxonomy":"post_tag","embeddable":true,"href":"https:\/\/noored.elva.ee\/index.php?rest_route=%2Fwp%2Fv2%2Ftags&post=901"}],"curies":[{"name":"wp","href":"https:\/\/api.w.org\/{rel}","templated":true}]}}